{"id":6344,"date":"2022-03-28T19:56:06","date_gmt":"2022-03-28T19:56:06","guid":{"rendered":"https:\/\/arec.org.jo\/?p=6344"},"modified":"2022-03-28T19:56:06","modified_gmt":"2022-03-28T19:56:06","slug":"le-maroc-prend-les-regnes-de-lautorite-arabe-des-energies-renouvelables","status":"publish","type":"post","link":"https:\/\/arec.org.jo\/en\/2022\/03\/28\/le-maroc-prend-les-regnes-de-lautorite-arabe-des-energies-renouvelables\/","title":{"rendered":"LE MAROC PREND LES R\u00c8GNES DE L&#8217;AUTORIT\u00c9 ARABE DES \u00c9NERGIES RENOUVELABLES"},"content":{"rendered":"<h2 id=\"ctl00_ctl40_g_6683da37_5146_4032_9e74_ddde92a7eae2_CPTitre\">LE MAROC PREND LES R\u00c8GNES DE L&#8217;AUTORIT\u00c9 ARABE DES \u00c9NERGIES RENOUVELABLES<\/h2>\n<p>29\/08\/2019 | En\u00e9rgies renouvelables<\/p>\n<div id=\"ctl00_ctl40_g_6683da37_5146_4032_9e74_ddde92a7eae2_CPText\"><img decoding=\"async\" src=\"https:\/\/www.mem.gov.ma\/PublishingImages\/CP\/CP19\/CP29Aout19.jpg\" \/><\/p>\n<div>Le Maroc a pris la pr\u00e9sidence de l&#8217;Autorit\u00e9 arabe des \u00e9nergies renouvelables au cours des deux prochaines ann\u00e9es, en marge de la tenue du sixi\u00e8me Forum International et Cinqui\u00e8me Forum Arabe sur les \u00e9nergies renouvelables, organis\u00e9 \u00e0 Amman les 27 et 28 ao\u00fbt 2019, qui a connu la participation de Monsieur Aziz Rabbah, Ministre de l&#8217;\u00c9nergie, des Mines et du D\u00e9veloppement Durable. Il a \u00e9t\u00e9 d\u00e9cid\u00e9, \u00e9galement, de tenir la prochaine session du Forum au Maroc l&#8217;ann\u00e9e prochaine. Dans ce sens, le Ministre de l&#8217;\u00c9nergie, des Mines et du D\u00e9veloppement Durable, Monsieur Aziz Rabbah, a exprim\u00e9 sa gratitude pour la confiance accord\u00e9e au Maroc pour diriger cette organisation pour la p\u00e9riode \u00e0 venir, consid\u00e9r\u00e9e comme un d\u00e9vouement au travail acharn\u00e9 sous les Directives avis\u00e9es de Sa Majest\u00e9 le Roi Mohammed VI, que Dieu le Glorifie, pour encourager et d\u00e9velopper les \u00e9nergies renouvelables.<\/div>\n<div>Il a, par ailleurs, exprim\u00e9 la volont\u00e9 du Royaume du Maroc de travailler \u00e0 la sensibilisation et \u00e0 la connaissance de la culture des \u00e9nergies renouvelables et de l&#8217;efficacit\u00e9 \u00e9nerg\u00e9tique dans les pays arabes et de stimuler les investissements afin de contribuer au processus de d\u00e9veloppement durable de ces pays.<\/div>\n<div>De son c\u00f4t\u00e9, le Secr\u00e9taire G\u00e9n\u00e9ral de l\u2019Agence arabe pour les \u00e9nergies renouvelables, Mohammed Al-Taani, a appel\u00e9 les gouvernements arabes \u00e0 se concentrer sur les petites et moyennes entreprises qui se lancent dans les \u00e9nergies renouvelables et \u00e0 r\u00e9duire leurs co\u00fbts de production afin d\u2019\u00e9viter les monopoles dans ce secteur. Il a par ailleurs soulign\u00e9 que le monde arabe devrait investir 500 milliards de dollar dans les \u00e9nergies renouvelables en 2040.<\/div>\n<div>En marge du sixi\u00e8me Forum International et Cinqui\u00e8me Forum Arabe sur les \u00e9nergies renouvelables, Monsieur Aziz Rabbah a mis l&#8217;accent sur le d\u00e9veloppement de solutions innovantes et l&#8217;ouverture sur la coop\u00e9ration internationale pour la r\u00e9alisation de projets d&#8217;\u00e9nergie renouvelable. Il a insist\u00e9 sur le choix des technologies futures des \u00e9nergies renouvelables pour s\u00e9curiser l\u2019approvisionnement et l\u2019appropriation de ces technologies dans les pays arabes. Il a par ailleurs mis l\u2019accent sur le r\u00f4le des interconnexions entre les pays arabes, en tant qu&#8217;option strat\u00e9gique, pour le d\u00e9veloppement des \u00e9nergies renouvelables et la cr\u00e9ation d\u2019un march\u00e9 arabe commun de l&#8217;\u00e9lectricit\u00e9. En outre, Monsieur le Ministre a rencontr\u00e9, la Ministre jordanienne de l\u2019Energie, Hala Zawati, qui a indiqu\u00e9 que son pays a mis en place, depuis 2014, des r\u00e9formes l\u00e9gislatives dans le domaine des \u00e9nergies renouvelables qui ont permis d&#8217;atteindre une capacit\u00e9 totale de 1 200 MW, contribuant \u00e0 environ 12% de l&#8217;\u00e9lectricit\u00e9 produite. Cr\u00e9\u00e9e en 2010, l&#8217;Autorit\u00e9 arabe des \u00e9nergies renouvelables (AREC) est une organisation arabe qui aide concr\u00e8tement les pays arabes \u00e0 modifier les comportements face \u00e0 l&#8217;\u00e9nergie par le biais de la sensibilisation, de l&#8217;\u00e9ducation et du transfert de connaissances sur les technologies des \u00e9nergies renouvelables et de l&#8217;efficacit\u00e9 \u00e9nerg\u00e9tique dans le monde arabe.<\/div>\n<\/div>\n<div>https:\/\/www.mem.gov.ma\/Pages\/CommuniquesDePresse.aspx?CommnuniqueDePresse-203.aspx<\/div>","protected":false},"excerpt":{"rendered":"<p>LE MAROC PREND LES R\u00c8GNES DE L&#8217;AUTORIT\u00c9 ARABE DES \u00c9NERGIES RENOUVELABLES 29\/08\/2019 | En\u00e9rgies renouvelables Le Maroc a pris la pr\u00e9sidence de l&#8217;Autorit\u00e9 arabe des \u00e9nergies renouvelables au cours des deux prochaines ann\u00e9es, en marge de la tenue du sixi\u00e8me Forum International et Cinqui\u00e8me Forum Arabe sur les \u00e9nergies renouvelables, organis\u00e9 \u00e0 Amman les 27 [&hellip;]<\/p>","protected":false},"author":2,"featured_media":6345,"comment_status":"open","ping_status":"open","sticky":false,"template":"","format":"standard","meta":{"footnotes":""},"categories":[1],"tags":[],"class_list":["post-6344","post","type-post","status-publish","format-standard","has-post-thumbnail","hentry","category-news"],"aioseo_notices":[],"_links":{"self":[{"href":"https:\/\/arec.org.jo\/en\/wp-json\/wp\/v2\/posts\/6344","targetHints":{"allow":["GET"]}}],"collection":[{"href":"https:\/\/arec.org.jo\/en\/wp-json\/wp\/v2\/posts"}],"about":[{"href":"https:\/\/arec.org.jo\/en\/wp-json\/wp\/v2\/types\/post"}],"author":[{"embeddable":true,"href":"https:\/\/arec.org.jo\/en\/wp-json\/wp\/v2\/users\/2"}],"replies":[{"embeddable":true,"href":"https:\/\/arec.org.jo\/en\/wp-json\/wp\/v2\/comments?post=6344"}],"version-history":[{"count":1,"href":"https:\/\/arec.org.jo\/en\/wp-json\/wp\/v2\/posts\/6344\/revisions"}],"predecessor-version":[{"id":6346,"href":"https:\/\/arec.org.jo\/en\/wp-json\/wp\/v2\/posts\/6344\/revisions\/6346"}],"wp:featuredmedia":[{"embeddable":true,"href":"https:\/\/arec.org.jo\/en\/wp-json\/wp\/v2\/media\/6345"}],"wp:attachment":[{"href":"https:\/\/arec.org.jo\/en\/wp-json\/wp\/v2\/media?parent=6344"}],"wp:term":[{"taxonomy":"category","embeddable":true,"href":"https:\/\/arec.org.jo\/en\/wp-json\/wp\/v2\/categories?post=6344"},{"taxonomy":"post_tag","embeddable":true,"href":"https:\/\/arec.org.jo\/en\/wp-json\/wp\/v2\/tags?post=6344"}],"curies":[{"name":"wp","href":"https:\/\/api.w.org\/{rel}","templated":true}]}}