{"id":6350,"date":"2022-03-28T20:13:46","date_gmt":"2022-03-28T20:13:46","guid":{"rendered":"https:\/\/arec.org.jo\/?p=6350"},"modified":"2022-03-28T20:13:46","modified_gmt":"2022-03-28T20:13:46","slug":"arap-yenilenebilir-enerji-komisyonu-baskanligina-katar-secildi","status":"publish","type":"post","link":"https:\/\/arec.org.jo\/en\/2022\/03\/28\/arap-yenilenebilir-enerji-komisyonu-baskanligina-katar-secildi\/","title":{"rendered":"Arap Yenilenebilir Enerji Komisyonu Ba\u015fkanl\u0131\u011f\u0131na Katar se\u00e7ildi"},"content":{"rendered":"<h1 class=\"post-title single-post-title entry-title\">Arap Yenilenebilir Enerji Komisyonu Ba\u015fkanl\u0131\u011f\u0131na Katar se\u00e7ildi<\/h1>\n<div class=\"psingle-excerpt\">Arap Yenilenebilir Enerji Komisyonu (AREC), 11. AREC Y\u00f6netim Ofisinin sanal toplant\u0131s\u0131n\u0131n ard\u0131ndan Katar Devletini d\u00f6rt y\u0131ll\u0131k bir d\u00f6nem i\u00e7in ba\u015fkan se\u00e7ti.<\/p>\n<div class=\"post-box-meta-single\"><span class=\"author-post byline\"><span class=\"author vcard\"><a class=\"author-url url fn n\" href=\"https:\/\/temizenerji.org\/author\/didemtasbasi\/\">Didem Ta\u015fba\u015f\u0131<\/a><\/span><\/span> <time class=\"entry-date published\" datetime=\"2021-12-31T09:36:31+03:00\">Aral\u0131k 31, 2021<\/time><\/div>\n<\/div>\n<div class=\"post-image\"><a href=\"https:\/\/temizenerji.org\/wp-content\/uploads\/2021\/12\/Black-and-White-Blog-Banner-30.png\" data-rel=\"penci-gallery-image-content\"><img decoding=\"async\" class=\"attachment-penci-full-thumb size-penci-full-thumb penci-lazy wp-post-image pc-singlep-img lazyloaded pcloaded\" title=\"Arap Yenilenebilir Enerji Komisyonu Ba\u015fkanl\u0131\u011f\u0131na Katar se\u00e7ildi\" src=\"https:\/\/temizenerji.org\/wp-content\/uploads\/2021\/12\/Black-and-White-Blog-Banner-30-585x329.png\" sizes=\"(max-width: 767px) 585px, 585px\" srcset=\"https:\/\/temizenerji.org\/wp-content\/uploads\/2021\/12\/Black-and-White-Blog-Banner-30-585x329.png 585w, https:\/\/temizenerji.org\/wp-content\/uploads\/2021\/12\/Black-and-White-Blog-Banner-30-585x329.png\" alt=\"Arap Yenilenebilir Enerji Komisyonu Ba\u015fkanl\u0131\u011f\u0131na Katar se\u00e7ildi\" width=\"585\" height=\"329\" data-sizes=\"(max-width: 767px) 585px, 585px\" data-srcset=\"https:\/\/temizenerji.org\/wp-content\/uploads\/2021\/12\/Black-and-White-Blog-Banner-30-585x329.png 585w,https:\/\/temizenerji.org\/wp-content\/uploads\/2021\/12\/Black-and-White-Blog-Banner-30-585x329.png\" data-src=\"https:\/\/temizenerji.org\/wp-content\/uploads\/2021\/12\/Black-and-White-Blog-Banner-30-585x329.png\" data-ll-status=\"loaded\" \/><\/a><\/div>\n<div class=\"post-entry blockquote-style-2\">\n<div id=\"penci-post-entry-inner\" class=\"inner-post-entry entry-content\">\n<p>The Peninsula Katar\u2019\u0131n haberine g\u00f6re, Genel Elektrik ve Su Kurumu (Kahramaa) M\u00fch.\u00a0Issa bin Hilal Al Kuwari, AREC ba\u015fkanl\u0131\u011f\u0131n\u0131 Fas Enerji D\u00f6n\u00fc\u015f\u00fcm\u00fc ve S\u00fcrd\u00fcr\u00fclebilir Kalk\u0131nma Bakan\u0131 HE Leila Benali\u2019den ald\u0131.<\/p>\n<p>Al Kuwari, Katar Devletinin AREC\u2019in ba\u015fkanl\u0131\u011f\u0131n\u0131 \u00fcstlenmesinden onur duydu\u011funu belirterek, AREC\u2019in \u00e7al\u0131\u015fmalar\u0131n\u0131 ve yenilenebilir enerjinin t\u00fcm alanlar\u0131nda ara\u015ft\u0131rma ve geli\u015ftirmede samimi Arap \u00e7abalar\u0131n\u0131n \u00f6nemli bir kayna\u011f\u0131 olmak ve itibar\u0131n\u0131 geli\u015ftirmek i\u00e7in m\u00fcmk\u00fcn olan t\u00fcm \u00e7abay\u0131 g\u00f6sterece\u011fini vurgulad\u0131.<\/p>\n<p>Al Kuwari ayr\u0131ca Katar\u2019\u0131n s\u00fcrd\u00fcr\u00fclebilirlik hedeflerine ula\u015fma taahh\u00fcd\u00fcn\u00fc ve bug\u00fcn d\u00fcnyan\u0131n kar\u015f\u0131 kar\u015f\u0131ya oldu\u011fu ciddi \u00e7evresel zorluklarla ba\u015fa \u00e7\u0131kma \u00e7abalar\u0131n\u0131 yo\u011funla\u015ft\u0131rma konusundaki kararl\u0131l\u0131\u011f\u0131n\u0131 teyit ederek, FIFA D\u00fcnya Kupas\u0131 Katar 2022 arac\u0131l\u0131\u011f\u0131yla Katar\u2019\u0131n ilk karbon n\u00f6tr etkinli\u011fine ev sahipli\u011fi yapmaktan gurur duydu\u011funu belirtti.<\/p>\n<div class=\"penci-single-link-pages\"><\/div>\n<\/div>\n<\/div>","protected":false},"excerpt":{"rendered":"<p>Arap Yenilenebilir Enerji Komisyonu Ba\u015fkanl\u0131\u011f\u0131na Katar se\u00e7ildi Arap Yenilenebilir Enerji Komisyonu (AREC), 11. AREC Y\u00f6netim Ofisinin sanal toplant\u0131s\u0131n\u0131n ard\u0131ndan Katar Devletini d\u00f6rt y\u0131ll\u0131k bir d\u00f6nem i\u00e7in ba\u015fkan se\u00e7ti. Didem Ta\u015fba\u015f\u0131 Aral\u0131k 31, 2021 The Peninsula Katar\u2019\u0131n haberine g\u00f6re, Genel Elektrik ve Su Kurumu (Kahramaa) M\u00fch.\u00a0Issa bin Hilal Al Kuwari, AREC ba\u015fkanl\u0131\u011f\u0131n\u0131 Fas Enerji D\u00f6n\u00fc\u015f\u00fcm\u00fc ve [&hellip;]<\/p>","protected":false},"author":2,"featured_media":6351,"comment_status":"open","ping_status":"open","sticky":false,"template":"","format":"standard","meta":{"footnotes":""},"categories":[1],"tags":[],"class_list":["post-6350","post","type-post","status-publish","format-standard","has-post-thumbnail","hentry","category-news"],"aioseo_notices":[],"_links":{"self":[{"href":"https:\/\/arec.org.jo\/en\/wp-json\/wp\/v2\/posts\/6350","targetHints":{"allow":["GET"]}}],"collection":[{"href":"https:\/\/arec.org.jo\/en\/wp-json\/wp\/v2\/posts"}],"about":[{"href":"https:\/\/arec.org.jo\/en\/wp-json\/wp\/v2\/types\/post"}],"author":[{"embeddable":true,"href":"https:\/\/arec.org.jo\/en\/wp-json\/wp\/v2\/users\/2"}],"replies":[{"embeddable":true,"href":"https:\/\/arec.org.jo\/en\/wp-json\/wp\/v2\/comments?post=6350"}],"version-history":[{"count":2,"href":"https:\/\/arec.org.jo\/en\/wp-json\/wp\/v2\/posts\/6350\/revisions"}],"predecessor-version":[{"id":6354,"href":"https:\/\/arec.org.jo\/en\/wp-json\/wp\/v2\/posts\/6350\/revisions\/6354"}],"wp:featuredmedia":[{"embeddable":true,"href":"https:\/\/arec.org.jo\/en\/wp-json\/wp\/v2\/media\/6351"}],"wp:attachment":[{"href":"https:\/\/arec.org.jo\/en\/wp-json\/wp\/v2\/media?parent=6350"}],"wp:term":[{"taxonomy":"category","embeddable":true,"href":"https:\/\/arec.org.jo\/en\/wp-json\/wp\/v2\/categories?post=6350"},{"taxonomy":"post_tag","embeddable":true,"href":"https:\/\/arec.org.jo\/en\/wp-json\/wp\/v2\/tags?post=6350"}],"curies":[{"name":"wp","href":"https:\/\/api.w.org\/{rel}","templated":true}]}}