{"id":6355,"date":"2022-03-28T20:16:43","date_gmt":"2022-03-28T20:16:43","guid":{"rendered":"https:\/\/arec.org.jo\/?p=6355"},"modified":"2022-03-28T20:16:43","modified_gmt":"2022-03-28T20:16:43","slug":"uluslararasi-solarex-istanbul-fuari","status":"publish","type":"post","link":"https:\/\/arec.org.jo\/en\/2022\/03\/28\/uluslararasi-solarex-istanbul-fuari\/","title":{"rendered":"Uluslararas\u0131 Solarex \u0130stanbul Fuar\u0131"},"content":{"rendered":"<h1 class=\"post-title single-post-title entry-title\">14. Uluslararas\u0131 Solarex \u0130stanbul Fuar\u0131<\/h1>\n<div class=\"psingle-excerpt\">\n<div class=\"post-box-meta-single\"><span class=\"author-post byline\"><span class=\"author vcard\"><a class=\"author-url url fn n\" href=\"https:\/\/temizenerji.org\/author\/didemtasbasi\/\">Didem Ta\u015fba\u015f\u0131<\/a><\/span><\/span> <time class=\"entry-date published\" datetime=\"2022-01-26T14:01:46+03:00\">Ocak 26, 2022<\/time><\/div>\n<\/div>\n<div class=\"post-entry blockquote-style-2\">\n<div id=\"penci-post-entry-inner\" class=\"inner-post-entry entry-content\">\n<div class=\"single_event_listing\">\n<div class=\"wpem-main wpem-single-event-page\">\n<div class=\"wpem-single-event-wrapper\">\n<div class=\"wpem-single-event-header-top\">\n<div class=\"wpem-row\">\n<div class=\"wpem-col-xs-12 wpem-col-sm-12 wpem-col-md-12 wpem-single-event-images\">\n<div class=\"wpem-event-single-image-wrapper\">\n<div class=\"wpem-event-single-image\"><img decoding=\"async\" class=\"penci-lazy lazyloaded pcloaded\" src=\"https:\/\/temizenerji.org\/wp-content\/uploads\/2022\/01\/14-solarex-istanbul-fuari.jpg\" alt=\"\" data-src=\"https:\/\/temizenerji.org\/wp-content\/uploads\/2022\/01\/14-solarex-istanbul-fuari.jpg\" data-ll-status=\"loaded\" \/><\/div>\n<\/div>\n<\/div>\n<\/div>\n<\/div>\n<div class=\"wpem-single-event-body\">\n<div class=\"wpem-row\">\n<div class=\"wpem-col-xs-12 wpem-col-sm-7 wpem-col-md-8 wpem-single-event-left-content\">\n<div class=\"wpem-single-event-short-info\">\n<div class=\"wpem-event-details\">\n<div class=\"wpem-event-title\">\n<h3 class=\"wpem-heading-text\">14. Uluslararas\u0131 Solarex \u0130stanbul Fuar\u0131<\/h3>\n<\/div>\n<div class=\"wpem-event-organizer\">\n<div class=\"wpem-event-organizer-name\">by<\/div>\n<\/div>\n<div class=\"wpem-viewed-event wpem-tooltip wpem-tooltip-bottom\"><i class=\"wpem-icon-eye\"><\/i> 224<\/div>\n<\/div>\n<\/div>\n<div class=\"wpem-single-event-body-content\">\n<p>14\u2019\u00fcnc\u00fc Uluslararas\u0131 Solarex \u0130stanbul Fuar\u0131, 7-9 Nisan 2022 tarihleri aras\u0131nda, \u0130stanbul Fuar Merkezi\u2019nde ger\u00e7ekle\u015ftirilecek.<\/p>\n<p>Voli Fuarc\u0131l\u0131k taraf\u0131ndan organize edilen Uluslararas\u0131 Solarex \u0130stanbul, 14 y\u0131l\u0131n en b\u00fcy\u00fck kat\u0131l\u0131mc\u0131 say\u0131s\u0131na ula\u015fmay\u0131 hedefliyor. Temiz, yenilenebilir ve s\u00fcrekli bir enerji kayna\u011f\u0131 olan g\u00fcne\u015f enerjisinin \u00f6nemini vurgulayan fuar, \u00e7evre dostu \u00e7\u00f6z\u00fcmlerle sekt\u00f6r\u00fc bir araya getirecek.<\/p>\n<p>Fuara \u00e7ok say\u0131da profesyonel ziyaret\u00e7inin yan\u0131 s\u0131ra, CEO\u2019lar, STK temsilcileri, akademisyenler, b\u00fcrokratlar ve d\u00fcnya genelinden kat\u0131lacak al\u0131m heyetleri i\u015ftirak edecek. Fuarda, g\u00fcne\u015f enerjisi kaynaklar\u0131 ve g\u00fcne\u015f enerjisi piyasalar\u0131 t\u00fcm boyutlar\u0131 ile de\u011ferlendirilecek.<\/p>\n<\/div>\n<\/div>\n<div class=\"wpem-col-xs-12 wpem-col-sm-5 wpem-col-md-4 wpem-single-event-right-content\">\n<div class=\"wpem-single-event-body-sidebar\">\n<div class=\"event_registration registration\">\n<div class=\"wpem-event-sidebar-button wpem-registration-event-button\"><button class=\"registration_button wpem-theme-button\" type=\"button\" value=\"Register for event\">REG\u0130STER FOR EVENT<\/button><\/div>\n<\/div>\n<div class=\"wpem-single-event-sidebar-info\">\n<div class=\"clearfix\"><\/div>\n<h3 class=\"wpem-heading-text\">Date And Time<\/h3>\n<div class=\"wpem-event-date-time\"><span class=\"wpem-event-date-time-text\">2022-04-07 <\/span>to<br \/>\n<span class=\"wpem-event-date-time-text\">2022-04-09 <\/span><\/div>\n<div>\n<div class=\"clearfix\"><\/div>\n<h3 class=\"wpem-heading-text\">Location<\/h3>\n<div><a href=\"https:\/\/maps.google.com\/maps?q=%C4%B0stanbul+Fuar+Merkezi&amp;zoom=14&amp;size=512x512&amp;maptype=roadmap&amp;sensor=false\" target=\"_blank\" rel=\"noopener\">\u0130stanbul Fuar Merkezi<\/a><\/div>\n<\/div>\n<div class=\"clearfix\"><\/div>\n<h3 class=\"wpem-heading-text\">Event Types<\/h3>\n<div class=\"wpem-event-type\"><a href=\"https:\/\/temizenerji.org\/event_listing_type\/fuar\/\"><span class=\"wpem-event-type-text event-type fuar\">Fuar<\/span><\/a><\/div>\n<div class=\"clearfix\"><\/div>\n<h3 class=\"wpem-heading-text\">Event Category<\/h3>\n<div class=\"wpem-event-category\"><a href=\"https:\/\/temizenerji.org\/event_listing_category\/enerji\/\"><span class=\"wpem-event-category-text event-category enerji\">Enerji<\/span><\/a><\/div>\n<\/div>\n<\/div>\n<\/div>\n<\/div>\n<\/div>\n<\/div>\n<\/div>\n<\/div>\n<\/div>\n<\/div>","protected":false},"excerpt":{"rendered":"<p>14. Uluslararas\u0131 Solarex \u0130stanbul Fuar\u0131 Didem Ta\u015fba\u015f\u0131 Ocak 26, 2022 14. Uluslararas\u0131 Solarex \u0130stanbul Fuar\u0131 by 224 14\u2019\u00fcnc\u00fc Uluslararas\u0131 Solarex \u0130stanbul Fuar\u0131, 7-9 Nisan 2022 tarihleri aras\u0131nda, \u0130stanbul Fuar Merkezi\u2019nde ger\u00e7ekle\u015ftirilecek. Voli Fuarc\u0131l\u0131k taraf\u0131ndan organize edilen Uluslararas\u0131 Solarex \u0130stanbul, 14 y\u0131l\u0131n en b\u00fcy\u00fck kat\u0131l\u0131mc\u0131 say\u0131s\u0131na ula\u015fmay\u0131 hedefliyor. Temiz, yenilenebilir ve s\u00fcrekli bir enerji kayna\u011f\u0131 olan [&hellip;]<\/p>","protected":false},"author":2,"featured_media":6356,"comment_status":"open","ping_status":"open","sticky":false,"template":"","format":"standard","meta":{"footnotes":""},"categories":[1],"tags":[],"class_list":["post-6355","post","type-post","status-publish","format-standard","has-post-thumbnail","hentry","category-news"],"aioseo_notices":[],"_links":{"self":[{"href":"https:\/\/arec.org.jo\/en\/wp-json\/wp\/v2\/posts\/6355","targetHints":{"allow":["GET"]}}],"collection":[{"href":"https:\/\/arec.org.jo\/en\/wp-json\/wp\/v2\/posts"}],"about":[{"href":"https:\/\/arec.org.jo\/en\/wp-json\/wp\/v2\/types\/post"}],"author":[{"embeddable":true,"href":"https:\/\/arec.org.jo\/en\/wp-json\/wp\/v2\/users\/2"}],"replies":[{"embeddable":true,"href":"https:\/\/arec.org.jo\/en\/wp-json\/wp\/v2\/comments?post=6355"}],"version-history":[{"count":1,"href":"https:\/\/arec.org.jo\/en\/wp-json\/wp\/v2\/posts\/6355\/revisions"}],"predecessor-version":[{"id":6357,"href":"https:\/\/arec.org.jo\/en\/wp-json\/wp\/v2\/posts\/6355\/revisions\/6357"}],"wp:featuredmedia":[{"embeddable":true,"href":"https:\/\/arec.org.jo\/en\/wp-json\/wp\/v2\/media\/6356"}],"wp:attachment":[{"href":"https:\/\/arec.org.jo\/en\/wp-json\/wp\/v2\/media?parent=6355"}],"wp:term":[{"taxonomy":"category","embeddable":true,"href":"https:\/\/arec.org.jo\/en\/wp-json\/wp\/v2\/categories?post=6355"},{"taxonomy":"post_tag","embeddable":true,"href":"https:\/\/arec.org.jo\/en\/wp-json\/wp\/v2\/tags?post=6355"}],"curies":[{"name":"wp","href":"https:\/\/api.w.org\/{rel}","templated":true}]}}