{"id":6358,"date":"2022-03-28T20:20:47","date_gmt":"2022-03-28T20:20:47","guid":{"rendered":"https:\/\/arec.org.jo\/?p=6358"},"modified":"2022-03-28T20:20:47","modified_gmt":"2022-03-28T20:20:47","slug":"enerji-alaninda-isbirligi-anlasmasi-yapildi","status":"publish","type":"post","link":"https:\/\/arec.org.jo\/en\/2022\/03\/28\/enerji-alaninda-isbirligi-anlasmasi-yapildi\/","title":{"rendered":"Enerji Alan\u0131nda \u0130\u015fbirli\u011fi Anla\u015fmas\u0131 Yap\u0131ld\u0131"},"content":{"rendered":"<div class=\"fsm-page-news-header\">\n<div class=\"fsm-page-news-title\">Enerji Alan\u0131nda \u0130\u015fbirli\u011fi Anla\u015fmas\u0131 Yap\u0131ld\u0131<\/div>\n<div class=\"fsm-page-news-tags\">\n<div class=\"row\">\n<div class=\"col-12 col-sm-10 d-flex flex-column flex-sm-row\">\n<div class=\"fsm-page-news-tag\"><a href=\"https:\/\/www.fsm.edu.tr\/Tum-Haber-Arsivi\/basin-yayin-ve-halkla-iliskiler-mudurlugu\" target=\"_blank\" rel=\"noopener\">Bas\u0131n Yay\u0131n ve Halkla \u0130li\u015fkiler M\u00fcd\u00fcrl\u00fc\u011f\u00fc <\/a><\/div>\n<div class=\"fsm-page-news-date\"><i class=\"icon-haberler-takvim\"><\/i> 17 Haziran 2015<\/div>\n<\/div>\n<div class=\"col-12 col-sm-2\">\n<div class=\"pb-2 text-right\"><\/div>\n<\/div>\n<\/div>\n<\/div>\n<div class=\"fsm-page-news-image\"><img decoding=\"async\" src=\"https:\/\/www.fsm.edu.tr\/resimler\/upload\/kapak-372015-06-17-02-08-19pm.png\" \/><\/div>\n<\/div>\n<div class=\"fsm-page-news-content\">\n<p>12 Haziran 2015<\/p>\n<p>AREC (Arap Yenilenebilir Enerji Komisyonu) Genel M\u00fcd\u00fcr\u00fc M\u00fch. Mohammed N. Al Ta\u2019ani, Rekt\u00f6r\u00fcm\u00fcz Prof. Dr. Musa Duman\u2019\u0131 makam\u0131nda ziyaret etti.<\/p>\n<p>Rekt\u00f6r Yard\u0131mc\u0131m\u0131z Prof. \u00dcmit D. Ar\u0131n\u00e7 ve M\u00fchendislik Fak\u00fcltesi Dekan\u0131m\u0131z Prof. Dr. Fevzi Y\u0131lmaz\u2019\u0131n da kat\u0131ld\u0131\u011f\u0131 toplant\u0131da, AREC ve \u00dcniversitemiz aras\u0131nda i\u015fbirli\u011fi anla\u015fmas\u0131 imzaland\u0131. Mohammed N. Al Ta\u2019ani ziyaret kapsam\u0131nda M\u00fchendislik Fak\u00fcltesi ve ALUTEAM\u2019i de gezerek teknik incelemelerde bulundu.<\/p>\n<p>\u00c7ok say\u0131da\u00a0Ortado\u011fu ve Kuzey Afrika \u00fclkesinin enerji konusundaki \u00fcst STK\u2019lar\u0131ndan biri olan Amman\/\u00dcrd\u00fcn merkezli AREC, enerji ekonomisi, enerji y\u00f6netimi, enerji verimlili\u011fi ve yenilenebilir enerji konular\u0131nda etkinlikler, konferanslar ve e\u011fitimler d\u00fczenliyor.<\/p>\n<\/div>\n<div class=\"clearfix\"><\/div>\n<div class=\"fsm-page-news-gallery-container\">\n<div class=\"fsm-page-news-gallery owl-carousel owl-loaded owl-drag\">\n<div class=\"owl-stage-outer\">\n<div class=\"owl-stage\">\n<div class=\"owl-item cloned\">\n<div class=\"fsm-page-news-gallery-item text-center\"><a href=\"https:\/\/www.fsm.edu.tr\/resimler\/upload\/32015-06-17-02-08-39pm.JPG\" data-fancybox=\"gallery\"><img decoding=\"async\" src=\"https:\/\/www.fsm.edu.tr\/resimler\/upload\/32015-06-17-02-08-39pm.JPG\" \/><\/a><\/p>\n<div class=\"mt-2\">Sa\u011fdan: Rekt\u00f6r Yard\u0131mc\u0131s\u0131 Prof. \u00dcmit D. Ar\u0131n\u00e7- Rekt\u00f6r Prof. Dr. Musa Duman &#8211; AREC Genel M\u00fcd\u00fcr\u00fc M\u00fch. Mohammed N. Al Ta\u2019ani &#8211; M\u00fchendislik Fak. Dekan\u0131 Prof. Dr. Fevzi Y\u0131lmaz<\/div>\n<\/div>\n<\/div>\n<div class=\"owl-item cloned\">\n<div class=\"fsm-page-news-gallery-item text-center\"><a href=\"https:\/\/www.fsm.edu.tr\/resimler\/upload\/42015-06-17-02-08-46pm.JPG\" data-fancybox=\"gallery\"><img decoding=\"async\" src=\"https:\/\/www.fsm.edu.tr\/resimler\/upload\/42015-06-17-02-08-46pm.JPG\" \/><\/a><\/p>\n<div class=\"mt-2\">Sa\u011fdan: M\u00fchendislik Fak. Dekan\u0131 Prof. Dr. Fevzi Y\u0131lmaz &#8211; AREC Genel M\u00fcd\u00fcr\u00fc M\u00fch. Mohammed N. Al Ta\u2019ani &#8211; Rekt\u00f6r Prof. Dr. Musa Duman &#8211; Rekt\u00f6r Yard\u0131mc\u0131s\u0131 Prof. \u00dcmit D. Ar\u0131n\u00e7<\/div>\n<\/div>\n<\/div>\n<div class=\"owl-item active\">\n<div class=\"fsm-page-news-gallery-item text-center\"><a href=\"https:\/\/www.fsm.edu.tr\/resimler\/upload\/12015-06-17-02-08-26pm.JPG\" data-fancybox=\"gallery\"><img decoding=\"async\" src=\"https:\/\/www.fsm.edu.tr\/resimler\/upload\/12015-06-17-02-08-26pm.JPG\" \/><\/a><\/p>\n<div class=\"mt-2\">Sa\u011fdan: Rekt\u00f6r Yard\u0131mc\u0131s\u0131 Prof. \u00dcmit D. Ar\u0131n\u00e7- Rekt\u00f6r Prof. Dr. Musa Duman &#8211; AREC Genel M\u00fcd\u00fcr\u00fc M\u00fch. Mohammed N. Al Ta\u2019ani &#8211; M\u00fchendislik Fak. Dekan\u0131 Prof. Dr. Fevzi Y\u0131lmaz<\/div>\n<\/div>\n<\/div>\n<div class=\"owl-item\">\n<div class=\"fsm-page-news-gallery-item text-center\"><a href=\"https:\/\/www.fsm.edu.tr\/resimler\/upload\/22015-06-17-02-08-32pm.JPG\" data-fancybox=\"gallery\"><img decoding=\"async\" src=\"https:\/\/www.fsm.edu.tr\/resimler\/upload\/22015-06-17-02-08-32pm.JPG\" \/><\/a><\/p>\n<div class=\"mt-2\">Sa\u011fdan: Rekt\u00f6r Yard\u0131mc\u0131s\u0131 Prof. \u00dcmit D. Ar\u0131n\u00e7- Rekt\u00f6r Prof. Dr. Musa Duman &#8211; AREC Genel M\u00fcd\u00fcr\u00fc M\u00fch. Mohammed N. Al Ta\u2019ani &#8211; M\u00fchendislik Fak. Dekan\u0131 Prof. Dr. Fevzi Y\u0131lmaz<\/div>\n<\/div>\n<\/div>\n<div class=\"owl-item\">\n<div class=\"fsm-page-news-gallery-item text-center\"><a href=\"https:\/\/www.fsm.edu.tr\/resimler\/upload\/32015-06-17-02-08-39pm.JPG\" data-fancybox=\"gallery\"><img decoding=\"async\" src=\"https:\/\/www.fsm.edu.tr\/resimler\/upload\/32015-06-17-02-08-39pm.JPG\" \/><\/a><\/p>\n<div class=\"mt-2\">Sa\u011fdan: Rekt\u00f6r Yard\u0131mc\u0131s\u0131 Prof. \u00dcmit D. Ar\u0131n\u00e7- Rekt\u00f6r Prof. Dr. Musa Duman &#8211; AREC Genel M\u00fcd\u00fcr\u00fc M\u00fch. Mohammed N. Al Ta\u2019ani &#8211; M\u00fchendislik Fak. Dekan\u0131 Prof. Dr. Fevzi Y\u0131lmaz<\/div>\n<\/div>\n<\/div>\n<div class=\"owl-item\">\n<div class=\"fsm-page-news-gallery-item text-center\"><a href=\"https:\/\/www.fsm.edu.tr\/resimler\/upload\/42015-06-17-02-08-46pm.JPG\" data-fancybox=\"gallery\"><img decoding=\"async\" src=\"https:\/\/www.fsm.edu.tr\/resimler\/upload\/42015-06-17-02-08-46pm.JPG\" \/><\/a><\/p>\n<div class=\"mt-2\">Sa\u011fdan: M\u00fchendislik Fak. Dekan\u0131 Prof. Dr. Fevzi Y\u0131lmaz &#8211; AREC Genel M\u00fcd\u00fcr\u00fc M\u00fch. Mohammed N. Al Ta\u2019ani &#8211; Rekt\u00f6r Prof. Dr. Musa Duman &#8211; Rekt\u00f6r Yard\u0131mc\u0131s\u0131 Prof. \u00dcmit D. Ar\u0131n\u00e7<\/div>\n<\/div>\n<\/div>\n<div class=\"owl-item cloned\">\n<div class=\"fsm-page-news-gallery-item text-center\"><a href=\"https:\/\/www.fsm.edu.tr\/resimler\/upload\/12015-06-17-02-08-26pm.JPG\" data-fancybox=\"gallery\"><img decoding=\"async\" src=\"https:\/\/www.fsm.edu.tr\/resimler\/upload\/12015-06-17-02-08-26pm.JPG\" \/><\/a><\/p>\n<div class=\"mt-2\">Sa\u011fdan: Rekt\u00f6r Yard\u0131mc\u0131s\u0131 Prof. \u00dcmit D. Ar\u0131n\u00e7- Rekt\u00f6r Prof. Dr. Musa Duman &#8211; AREC Genel M\u00fcd\u00fcr\u00fc M\u00fch. Mohammed N. Al Ta\u2019ani &#8211; M\u00fchendislik Fak. Dekan\u0131 Prof. Dr. Fevzi Y\u0131lmaz<\/div>\n<\/div>\n<\/div>\n<div class=\"owl-item cloned\">\n<div class=\"fsm-page-news-gallery-item text-center\"><a href=\"https:\/\/www.fsm.edu.tr\/resimler\/upload\/22015-06-17-02-08-32pm.JPG\" data-fancybox=\"gallery\"><img decoding=\"async\" src=\"https:\/\/www.fsm.edu.tr\/resimler\/upload\/22015-06-17-02-08-32pm.JPG\" \/><\/a><\/p>\n<div class=\"mt-2\">Sa\u011fdan: Rekt\u00f6r Yard\u0131mc\u0131s\u0131 Prof. \u00dcmit D. Ar\u0131n\u00e7- Rekt\u00f6r Prof. Dr. Musa Duman &#8211; AREC Genel M\u00fcd\u00fcr\u00fc M\u00fch. Mohammed N. Al Ta\u2019ani &#8211; M\u00fchendislik Fak. Dekan\u0131 Prof. Dr. Fevzi Y\u0131lmaz<\/div>\n<\/div>\n<\/div>\n<\/div>\n<\/div>\n<\/div>\n<div class=\"fsm-page-news-gallery-navs\"><\/div>\n<\/div>","protected":false},"excerpt":{"rendered":"<p>Enerji Alan\u0131nda \u0130\u015fbirli\u011fi Anla\u015fmas\u0131 Yap\u0131ld\u0131 Bas\u0131n Yay\u0131n ve Halkla \u0130li\u015fkiler M\u00fcd\u00fcrl\u00fc\u011f\u00fc 17 Haziran 2015 12 Haziran 2015 AREC (Arap Yenilenebilir Enerji Komisyonu) Genel M\u00fcd\u00fcr\u00fc M\u00fch. Mohammed N. Al Ta\u2019ani, Rekt\u00f6r\u00fcm\u00fcz Prof. Dr. Musa Duman\u2019\u0131 makam\u0131nda ziyaret etti. Rekt\u00f6r Yard\u0131mc\u0131m\u0131z Prof. \u00dcmit D. Ar\u0131n\u00e7 ve M\u00fchendislik Fak\u00fcltesi Dekan\u0131m\u0131z Prof. Dr. Fevzi Y\u0131lmaz\u2019\u0131n da kat\u0131ld\u0131\u011f\u0131 toplant\u0131da, AREC [&hellip;]<\/p>","protected":false},"author":2,"featured_media":6359,"comment_status":"open","ping_status":"open","sticky":false,"template":"","format":"standard","meta":{"footnotes":""},"categories":[1],"tags":[],"class_list":["post-6358","post","type-post","status-publish","format-standard","has-post-thumbnail","hentry","category-news"],"aioseo_notices":[],"_links":{"self":[{"href":"https:\/\/arec.org.jo\/en\/wp-json\/wp\/v2\/posts\/6358","targetHints":{"allow":["GET"]}}],"collection":[{"href":"https:\/\/arec.org.jo\/en\/wp-json\/wp\/v2\/posts"}],"about":[{"href":"https:\/\/arec.org.jo\/en\/wp-json\/wp\/v2\/types\/post"}],"author":[{"embeddable":true,"href":"https:\/\/arec.org.jo\/en\/wp-json\/wp\/v2\/users\/2"}],"replies":[{"embeddable":true,"href":"https:\/\/arec.org.jo\/en\/wp-json\/wp\/v2\/comments?post=6358"}],"version-history":[{"count":1,"href":"https:\/\/arec.org.jo\/en\/wp-json\/wp\/v2\/posts\/6358\/revisions"}],"predecessor-version":[{"id":6360,"href":"https:\/\/arec.org.jo\/en\/wp-json\/wp\/v2\/posts\/6358\/revisions\/6360"}],"wp:featuredmedia":[{"embeddable":true,"href":"https:\/\/arec.org.jo\/en\/wp-json\/wp\/v2\/media\/6359"}],"wp:attachment":[{"href":"https:\/\/arec.org.jo\/en\/wp-json\/wp\/v2\/media?parent=6358"}],"wp:term":[{"taxonomy":"category","embeddable":true,"href":"https:\/\/arec.org.jo\/en\/wp-json\/wp\/v2\/categories?post=6358"},{"taxonomy":"post_tag","embeddable":true,"href":"https:\/\/arec.org.jo\/en\/wp-json\/wp\/v2\/tags?post=6358"}],"curies":[{"name":"wp","href":"https:\/\/api.w.org\/{rel}","templated":true}]}}