{"id":6361,"date":"2022-03-28T20:22:43","date_gmt":"2022-03-28T20:22:43","guid":{"rendered":"https:\/\/arec.org.jo\/?p=6361"},"modified":"2022-03-28T20:22:43","modified_gmt":"2022-03-28T20:22:43","slug":"arap-is-insanlari-kiyivde-yenilebilir-enerji-yatirimlarini-konustu","status":"publish","type":"post","link":"https:\/\/arec.org.jo\/en\/2022\/03\/28\/arap-is-insanlari-kiyivde-yenilebilir-enerji-yatirimlarini-konustu\/","title":{"rendered":"Arap i\u015f insanlar\u0131 K\u0131yiv\u2019de yenilebilir enerji yat\u0131r\u0131mlar\u0131n\u0131 konu\u015ftu"},"content":{"rendered":"<h1 class=\"title\" data-reader-unique-id=\"titleElement\">Arap i\u015f insanlar\u0131 K\u0131yiv\u2019de yenilebilir enerji yat\u0131r\u0131mlar\u0131n\u0131 konu\u015ftu<\/h1>\n<h2 class=\"subhead\" data-reader-unique-id=\"subheadElement\">Ukrayna-Arap \u0130\u015fadamlar\u0131 ve Yat\u0131r\u0131mc\u0131lar\u0131 Birli\u011fi (AUABI) taraf\u0131ndan, Uluslararas\u0131 \u201cUkrayna Enerjisi &#8211; Yat\u0131r\u0131mlar\u0131 Etkileyen Bir Alan\u201d konulu konferans ger\u00e7ekle\u015fti.<\/h2>\n<div class=\"metadata singleline\"><time class=\"date\" datetime=\"2019-09-26T15:16:51+00:00\" data-reader-unique-id=\"257\">3 sene \u00f6nce<\/time><\/div>\n<div data-reader-unique-id=\"1\"><img decoding=\"async\" class=\"extendsBeyondTextColumn\" src=\"https:\/\/ukraynahaber.com\/wp-content\/uploads\/2019\/09\/arapauib.jpg\" sizes=\"(max-width: 1299px) 100vw, 1299px\" srcset=\"https:\/\/ukraynahaber.com\/wp-content\/uploads\/2019\/09\/arapauib.jpg 1299w, https:\/\/ukraynahaber.com\/wp-content\/uploads\/2019\/09\/arapauib-300x177.jpg 300w, https:\/\/ukraynahaber.com\/wp-content\/uploads\/2019\/09\/arapauib-768x454.jpg 768w, https:\/\/ukraynahaber.com\/wp-content\/uploads\/2019\/09\/arapauib-1024x605.jpg 1024w\" alt=\"\" data-hero-candidate=\"\" data-hero=\"\" data-reader-unique-id=\"3\" \/><\/div>\n<p data-reader-unique-id=\"4\">\n<p data-reader-unique-id=\"6\">Ukrayna\u2019n\u0131n ba\u015fkenti K\u0131yiv\u2019de, \u201cUkrayna\u2019n\u0131n Enerjisi \u2013 Yat\u0131r\u0131mlar\u0131 \u00c7eken Etkin Bir Alan\u201d adl\u0131 uluslararas\u0131 konferans ger\u00e7ekle\u015fti.<\/p>\n<p data-reader-unique-id=\"15\">Ukrayna-Arap \u0130\u015fadamlar\u0131 ve Yat\u0131r\u0131mc\u0131lar\u0131 Birli\u011fi (AUABI) taraf\u0131ndan organize edilen etkinli\u011fe, Ukrayna ve Arap d\u00fcnyas\u0131n\u0131n enerji sekt\u00f6r\u00fcn\u00fcn ve bankac\u0131l\u0131k sekt\u00f6r\u00fcn\u00fcn y\u00f6neticileri ve temsilcileri, enerji sekt\u00f6r\u00fcn\u00fcn uzmanlar\u0131, akademisyenler, \u00fclkenin biyoenerji ve alternatif enerji arz\u0131n\u0131n geli\u015ftirilmesi ile ilgilenenler kat\u0131ld\u0131.<\/p>\n<p data-reader-unique-id=\"16\">AUABI Ba\u015fkan\u0131 Muhammed Salim Alotti\u2019nin davetine, Arap Cumhuriyetlerinin Yenilenebilir Enerji Komisyonu (AREC) Genel Sekreteri Muhammed Al Taani ba\u015fkanl\u0131\u011f\u0131ndaki Arap yat\u0131r\u0131mc\u0131lardan olu\u015fan bir heyet i\u015ftirak etti.<\/p>\n<p data-reader-unique-id=\"19\">Konferans \u00e7er\u00e7evesinde; Ukrayna\u2019da alternatif enerji destek programlar\u0131,<br data-reader-unique-id=\"20\" \/>Ukrayna\u2019da biyoenerjinin geli\u015fimi: mevcut durum ve beklentiler ve Ukrayna\u2019da biyok\u00fctle \u00fcretimi i\u00e7in \u00fcmit verici \u00fcr\u00fcnler ve Etkili biyok\u00fctle projeleri, Ukrayna\u2019n\u0131n r\u00fczg\u00e2r enerjisi sekt\u00f6r\u00fcn\u00fcn geli\u015fimi ve \u00fclkenin enerji tasarrufu potansiyelinin tan\u0131t\u0131m\u0131, enerji verimlili\u011fi i\u00e7in kredi deste\u011fi gibi konular\u0131n tart\u0131\u015f\u0131ld\u0131\u011f\u0131 \u00fc\u00e7 ayr\u0131 tart\u0131\u015fma paneli d\u00fczenlendi.<\/p>\n<p data-reader-unique-id=\"22\">Konferans\u0131n a\u00e7\u0131l\u0131\u015f konu\u015fmas\u0131nda AUABI Ba\u015fkan\u0131 Muhammed Salim Alotti, Ukrayna\u2019n\u0131n alternatif enerji pazar\u0131n\u0131n ge\u00e7mi\u015fi hakk\u0131nda bilgi vererek ve pazar\u0131n h\u00e2lihaz\u0131rdaki durumunu anlatt\u0131. Alotti, ge\u00e7ti\u011fimiz 25 y\u0131lda, Ukrayna\u2019n\u0131n eski Sovyet cumhuriyetleri aras\u0131nda alternatif enerjinin geli\u015ftirilmesinde \u00f6nc\u00fc konuma geldi\u011fini belirtti. Alotti, 2017 y\u0131l\u0131ndan itibaren Ukrayna\u2019daki ye\u015fil enerji sekt\u00f6r\u00fc durgunluktan yeni ve daha dinamik bir a\u015famaya geldi\u011fine dikkat \u00e7ekti.<\/p>\n<p data-reader-unique-id=\"24\">Alotti, <strong data-reader-unique-id=\"25\">\u201cUkrayna\u2019n\u0131n 2035 y\u0131l\u0131na kadar enerji sekt\u00f6r\u00fcn\u00fcn geli\u015fme stratejisinin bir par\u00e7as\u0131 2030 y\u0131l\u0131na kadar h\u00fck\u00fcmetler enerji ihtiyac\u0131n\u0131n y\u00fczde 25\u2019ini yenilenebilir enerjiden kar\u015f\u0131lamay\u0131 hedefliyor. Bu ayn\u0131 zamanda yerli ve yabanc\u0131 yat\u0131r\u0131mc\u0131lar\u0131n yenilenebilir enerji kaynaklar\u0131na artan ilgisini tetikliyor. Bu s\u00fcre\u00e7te, ye\u015fil projelerin devlet ve uluslararas\u0131 bankalar taraf\u0131ndan etkin bir \u015fekilde finanse edilmesi, \u00f6zellikle 2017\u2019de\u201c Elektrik Enerjisi Piyasas\u0131 \u201dve\u201c \u00c7evresel Etki De\u011ferlendirmesi \u201d\u00f6zel yasalar\u0131n\u0131n\u201c Ukrayna Parlamentosu taraf\u0131ndan kabul edilmesinden sonra, bu sekt\u00f6rdeki yat\u0131r\u0131m ortam\u0131n\u0131n iyile\u015ftirilmesine katk\u0131da bulundu.\u201d<\/strong> dedi.<\/p>\n<p data-reader-unique-id=\"28\">Ukrayna, 2018 y\u0131l\u0131nda r\u00fczg\u00e2r enerjisi \u00fcretimi sayesinde, 455 bin ton k\u00f6m\u00fcr tasarruf yapmay\u0131 ba\u015fard\u0131.<\/p>\n<p data-reader-unique-id=\"30\">Ukrayna\u2019daki ye\u015fil elektrik \u00fcretimi alan\u0131ndaki projelere yat\u0131r\u0131mc\u0131n\u0131n ilgisi, \u00fclkedeki yasal \u00e7er\u00e7eveye ve yasal mekanizmalara ba\u011fl\u0131 oldu\u011funu ifade eden Alotti, bu ba\u011flamda Ukrayna D\u0131\u015fi\u015fleri Bakanl\u0131\u011f\u0131\u2019ndan, yabanc\u0131 yat\u0131r\u0131mc\u0131lara ve i\u015fadamlar\u0131na Ukrayna vizesi ve oturum verilmesi konusunu tekrar g\u00f6zden ge\u00e7irmesini istedi.<\/p>\n<div class=\"tweet-wrapper\" data-reader-tweet-id=\"1177208898043953153\">\n<div class=\"twitter-tweet twitter-tweet-rendered\"><iframe id=\"twitter-widget-0\" class=\"\" title=\"Twitter Tweet\" src=\"https:\/\/platform.twitter.com\/embed\/Tweet.html?dnt=true&amp;embedId=twitter-widget-0&amp;features=e30%3D&amp;frame=false&amp;hideCard=false&amp;hideThread=false&amp;id=1177208898043953153&amp;lang=en&amp;origin=safari-reader%3A%2F%2Fukraynahaber.com%2F2019%2F09%2F26%2Farap-is-insanlari-kiyivde-yenilebilir-enerji-yatirimlarini-konustu%2Famp%2F&amp;theme=light&amp;widgetsVersion=2582c61%3A1645036219416&amp;width=550px\" frameborder=\"0\" scrolling=\"no\" allowfullscreen=\"allowfullscreen\" data-tweet-id=\"1177208898043953153\" data-mce-fragment=\"1\"><\/iframe><\/div>\n<\/div>\n<p data-reader-unique-id=\"44\">ARAP YATIRIMCI B\u00dcROKRAS\u0130DEN \u015e\u0130K\u00c2YET\u00c7\u0130<br data-reader-unique-id=\"45\" \/>Arap i\u015fadamlar\u0131 bug\u00fcn kar\u015f\u0131 kar\u015f\u0131ya olduklar\u0131 b\u00fcrokrasinin, ba\u015far\u0131 ve geli\u015fme planlar\u0131n\u0131 engelledi\u011fini ayn\u0131 zamanda da Ukrayna\u2019n\u0131n itibar\u0131na ve ekonomisine zarar verdi\u011fine vurgu yapt\u0131.<\/p>\n<p data-reader-unique-id=\"46\">Arap d\u00fcnyas\u0131nda yenilenebilir enerji ile ilgili kar amac\u0131 g\u00fctmeyen bir sivil toplum komisyonu AREC Genel Sekreteri Muhammed Al Taani, davetlilere \u00f6rg\u00fctlerinin faaliyetlerini ve hedeflerini anlatt\u0131.<\/p>\n<p data-reader-unique-id=\"47\">AREC\u2019in, 2011 y\u0131l\u0131nda Amman\u2019da (\u00dcrd\u00fcn) kuruldu\u011funu ifade eden Al Taani farkl\u0131 Arap \u00fclkesini temsil eden \u00e7ok say\u0131da \u00fcyeden olu\u015ftu\u011funu s\u00f6yledi.<\/p>\n<p data-reader-unique-id=\"49\">\u00d6n\u00fcm\u00fczdeki 10 y\u0131l i\u00e7inde yenilebilir enerji sekt\u00f6r\u00fcne 500 milyar dolarl\u0131k yat\u0131r\u0131m beklentisi oldu\u011funu ifade eden Al Taani, <strong data-reader-unique-id=\"50\">\u201cAREC\u2019in amac\u0131, ya\u015fam\u0131n her alan\u0131nda alternatif enerji ve enerji verimlili\u011fi kullanma k\u00fclt\u00fcr\u00fcn\u00fc te\u015fvik etmek ve te\u015fvik etmek i\u00e7in \u00e7al\u0131\u015fmakt\u0131r.\u201d<\/strong> diye konu\u015ftu.<\/p>\n<p data-reader-unique-id=\"52\">Ukrayna \u0130novasyon Mali ve Kredi Kurumu (Ukrayna Ekonomik Kalk\u0131nma, Ticaret ve Tar\u0131m Bakanl\u0131\u011f\u0131 b\u00fcnyesinde) Y\u00f6netim Kurulu Ba\u015fkan\u0131 Volod\u0131m\u0131r Stavn\u00fck, Arap yat\u0131r\u0131mc\u0131lar\u0131 \u00e7ekmeyi ama\u00e7layan Ukrayna reformlar\u0131 ve bug\u00fcn \u00f6zel ilgi g\u00f6ren Cumhurba\u015fkan\u0131 Volod\u0131m\u0131r Zelensk\u0131y\u2019nin program\u0131n\u0131 aktard\u0131.<\/p>\n<p data-reader-unique-id=\"53\">Arap yat\u0131r\u0131mc\u0131lar\u0131n sorular\u0131n\u0131 cevapland\u0131ran Stavn\u00fck, Ukrayna devletinin yat\u0131r\u0131mc\u0131lar\u0131n\u0131n g\u00fcvenli\u011fini garanti alt\u0131na ald\u0131\u011f\u0131n\u0131 ve b\u00fcrokratik engellerin ortadan kald\u0131r\u0131lmas\u0131na her \u015fekilde katk\u0131da bulunaca\u011f\u0131n\u0131 garanti verdi.<\/p>\n<p data-reader-unique-id=\"55\">Bununla birlikte WWEA \u201cD\u00fcnya R\u00fczg\u00e2r Enerjisi Birli\u011fi\u201d Ba\u015fkan Yard\u0131mc\u0131s\u0131 \u201cUkrayna R\u00fczgar Enerjisi Birli\u011fi\u201d GS Y\u00f6netim Kurulu Ba\u015fkan\u0131 Andrey Kone\u00e7enkov, yenilenebilir r\u00fczgar enerjisi ve yat\u0131r\u0131mc\u0131lar\u0131 i\u00e7in umut vaat eden projeleri hakk\u0131nda bir sunum yapt\u0131.<\/p>\n<p data-reader-unique-id=\"56\">Yenilenebilir enerji alan\u0131ndaki Ukraynal\u0131 ve Arap uzmanlarda, enerji sekt\u00f6r\u00fcndeki g\u00fcn\u00fcm\u00fcz\u00fcn sorunlar\u0131 ve \u00e7\u00f6z\u00fcm yollar\u0131n\u0131 tart\u0131\u015ft\u0131.<\/p>\n<p data-reader-unique-id=\"58\">Foto\u011fraflar ve Muhabir: Yunus Erdo\u011fdu | yunuserdogdu@hotmail.com<\/p>\n<p data-reader-unique-id=\"59\"><a href=\"https:\/\/twitter.com\/erdogduy\" target=\"_blank\" rel=\"noopener noreferrer\" data-reader-unique-id=\"60\">Twitter: @erdogduy<\/a><\/p>\n<p data-reader-unique-id=\"61\"><a href=\"https:\/\/www.facebook.com\/erdogduy\" target=\"_blank\" rel=\"noopener noreferrer\" data-reader-unique-id=\"62\">Facebook: facebook.com\/erdogduy<\/a><\/p>\n<p data-reader-unique-id=\"63\"><a href=\"https:\/\/www.instagram.com\/ukraynahabercom\/\" target=\"_blank\" rel=\"noopener noreferrer\" data-reader-unique-id=\"64\">\u0130nstagram: instagram.com\/ukraynahabercom\/<\/a><\/p>\n<p data-reader-unique-id=\"65\"><a href=\"https:\/\/www.facebook.com\/pg\/UA24ru\/photos\/?tab=album&amp;album_id=522057831698842\" data-reader-unique-id=\"66\">FOTO GALER\u0130<\/a><\/p>\n<div data-reader-unique-id=\"67\">\n<div data-reader-unique-id=\"68\">\n<div role=\"presentation\" data-token=\"522058368365455\" data-reader-unique-id=\"69\">\n<div data-reader-unique-id=\"70\">\n<div data-reader-unique-id=\"71\"><\/div>\n<\/div>\n<div role=\"presentation\" data-token=\"522058395032119\" data-reader-unique-id=\"75\">\n<div data-reader-unique-id=\"77\">\n<div data-reader-unique-id=\"78\"><\/div>\n<\/div>\n<div role=\"presentation\" data-token=\"522058151698810\" data-reader-unique-id=\"82\">\n<div data-reader-unique-id=\"84\">\n<div data-reader-unique-id=\"85\"><\/div>\n<\/div>\n<div role=\"presentation\" data-token=\"522058295032129\" data-reader-unique-id=\"89\">\n<div data-reader-unique-id=\"91\">\n<div data-reader-unique-id=\"92\"><\/div>\n<\/div>\n<div role=\"presentation\" data-token=\"522057911698834\" data-reader-unique-id=\"96\">\n<div data-reader-unique-id=\"98\">\n<div data-reader-unique-id=\"99\"><\/div>\n<\/div>\n<div role=\"presentation\" data-token=\"522058508365441\" data-reader-unique-id=\"103\">\n<div data-reader-unique-id=\"105\">\n<div data-reader-unique-id=\"106\"><\/div>\n<\/div>\n<div role=\"presentation\" data-token=\"522058591698766\" data-reader-unique-id=\"110\">\n<div data-reader-unique-id=\"112\">\n<div data-reader-unique-id=\"113\"><\/div>\n<\/div>\n<div role=\"presentation\" data-token=\"522058531698772\" data-reader-unique-id=\"117\">\n<div data-reader-unique-id=\"119\">\n<div data-reader-unique-id=\"120\"><\/div>\n<\/div>\n<div role=\"presentation\" data-token=\"522058031698822\" data-reader-unique-id=\"124\">\n<div data-reader-unique-id=\"126\">\n<div data-reader-unique-id=\"127\"><\/div>\n<\/div>\n<div role=\"presentation\" data-token=\"522057891698836\" data-reader-unique-id=\"131\">\n<div data-reader-unique-id=\"133\">\n<div data-reader-unique-id=\"134\"><\/div>\n<\/div>\n<div role=\"presentation\" data-token=\"522058041698821\" data-reader-unique-id=\"138\">\n<div data-reader-unique-id=\"140\">\n<div data-reader-unique-id=\"141\"><\/div>\n<\/div>\n<div role=\"presentation\" data-token=\"522058211698804\" data-reader-unique-id=\"145\">\n<div data-reader-unique-id=\"147\">\n<div data-reader-unique-id=\"148\"><\/div>\n<\/div>\n<div role=\"presentation\" data-token=\"522058248365467\" data-reader-unique-id=\"152\">\n<div data-reader-unique-id=\"154\">\n<div data-reader-unique-id=\"155\"><\/div>\n<\/div>\n<div role=\"presentation\" data-token=\"522058461698779\" data-reader-unique-id=\"159\">\n<div data-reader-unique-id=\"161\">\n<div data-reader-unique-id=\"162\"><\/div>\n<\/div>\n<div role=\"presentation\" data-token=\"522058018365490\" data-reader-unique-id=\"166\">\n<div data-reader-unique-id=\"168\">\n<div data-reader-unique-id=\"169\"><\/div>\n<\/div>\n<div role=\"presentation\" data-token=\"522057991698826\" data-reader-unique-id=\"173\">\n<div data-reader-unique-id=\"175\">\n<div data-reader-unique-id=\"176\"><\/div>\n<\/div>\n<div role=\"presentation\" data-token=\"522057878365504\" data-reader-unique-id=\"180\">\n<div data-reader-unique-id=\"182\">\n<div data-reader-unique-id=\"183\"><\/div>\n<\/div>\n<\/div>\n<\/div>\n<div data-reader-unique-id=\"189\">\n<div data-reader-unique-id=\"190\"><\/div>\n<p data-reader-unique-id=\"194\">\n<p data-reader-unique-id=\"196\">\n<div data-reader-unique-id=\"205\"><span data-reader-unique-id=\"206\">\u0130lgili Makaleler<\/span><\/div>\n<\/div>\n<\/div>\n<\/div>\n<\/div>\n<\/div>\n<\/div>\n<\/div>\n<\/div>\n<\/div>\n<\/div>\n<\/div>\n<\/div>\n<\/div>\n<\/div>\n<\/div>\n<\/div>\n<\/div>\n<\/div>","protected":false},"excerpt":{"rendered":"<p>Arap i\u015f insanlar\u0131 K\u0131yiv\u2019de yenilebilir enerji yat\u0131r\u0131mlar\u0131n\u0131 konu\u015ftu Ukrayna-Arap \u0130\u015fadamlar\u0131 ve Yat\u0131r\u0131mc\u0131lar\u0131 Birli\u011fi (AUABI) taraf\u0131ndan, Uluslararas\u0131 \u201cUkrayna Enerjisi &#8211; Yat\u0131r\u0131mlar\u0131 Etkileyen Bir Alan\u201d konulu konferans ger\u00e7ekle\u015fti. 3 sene \u00f6nce Ukrayna\u2019n\u0131n ba\u015fkenti K\u0131yiv\u2019de, \u201cUkrayna\u2019n\u0131n Enerjisi \u2013 Yat\u0131r\u0131mlar\u0131 \u00c7eken Etkin Bir Alan\u201d adl\u0131 uluslararas\u0131 konferans ger\u00e7ekle\u015fti. Ukrayna-Arap \u0130\u015fadamlar\u0131 ve Yat\u0131r\u0131mc\u0131lar\u0131 Birli\u011fi (AUABI) taraf\u0131ndan organize edilen etkinli\u011fe, Ukrayna [&hellip;]<\/p>","protected":false},"author":2,"featured_media":6362,"comment_status":"open","ping_status":"open","sticky":false,"template":"","format":"standard","meta":{"footnotes":""},"categories":[1],"tags":[],"class_list":["post-6361","post","type-post","status-publish","format-standard","has-post-thumbnail","hentry","category-news"],"aioseo_notices":[],"_links":{"self":[{"href":"https:\/\/arec.org.jo\/en\/wp-json\/wp\/v2\/posts\/6361","targetHints":{"allow":["GET"]}}],"collection":[{"href":"https:\/\/arec.org.jo\/en\/wp-json\/wp\/v2\/posts"}],"about":[{"href":"https:\/\/arec.org.jo\/en\/wp-json\/wp\/v2\/types\/post"}],"author":[{"embeddable":true,"href":"https:\/\/arec.org.jo\/en\/wp-json\/wp\/v2\/users\/2"}],"replies":[{"embeddable":true,"href":"https:\/\/arec.org.jo\/en\/wp-json\/wp\/v2\/comments?post=6361"}],"version-history":[{"count":1,"href":"https:\/\/arec.org.jo\/en\/wp-json\/wp\/v2\/posts\/6361\/revisions"}],"predecessor-version":[{"id":6363,"href":"https:\/\/arec.org.jo\/en\/wp-json\/wp\/v2\/posts\/6361\/revisions\/6363"}],"wp:featuredmedia":[{"embeddable":true,"href":"https:\/\/arec.org.jo\/en\/wp-json\/wp\/v2\/media\/6362"}],"wp:attachment":[{"href":"https:\/\/arec.org.jo\/en\/wp-json\/wp\/v2\/media?parent=6361"}],"wp:term":[{"taxonomy":"category","embeddable":true,"href":"https:\/\/arec.org.jo\/en\/wp-json\/wp\/v2\/categories?post=6361"},{"taxonomy":"post_tag","embeddable":true,"href":"https:\/\/arec.org.jo\/en\/wp-json\/wp\/v2\/tags?post=6361"}],"curies":[{"name":"wp","href":"https:\/\/api.w.org\/{rel}","templated":true}]}}