{"id":6364,"date":"2022-03-28T20:24:56","date_gmt":"2022-03-28T20:24:56","guid":{"rendered":"https:\/\/arec.org.jo\/?p=6364"},"modified":"2022-03-28T20:24:56","modified_gmt":"2022-03-28T20:24:56","slug":"yenilenebilir-enerji-sektorun-gelisimine-yon-veriyor","status":"publish","type":"post","link":"https:\/\/arec.org.jo\/en\/2022\/03\/28\/yenilenebilir-enerji-sektorun-gelisimine-yon-veriyor\/","title":{"rendered":"Yenilenebilir enerji sekt\u00f6r\u00fcn geli\u015fimine y\u00f6n veriyor"},"content":{"rendered":"<h1 class=\"title\" data-reader-unique-id=\"titleElement\">Yenilenebilir enerji sekt\u00f6r\u00fcn geli\u015fimine y\u00f6n veriyor<\/h1>\n<h2 class=\"subhead\" data-reader-unique-id=\"subheadElement\">\u0130nsaatnoktasi.com&#8217;un medya partneri oldu\u011fu 7. Uluslararas\u0131 \u0130stanbul Ak\u0131ll\u0131 \u015eebekeler ve \u015eehirler Kongre ve Fuar\u0131 ziyaret\u00e7iler taraf\u0131ndan yo\u011fun ilgi g\u00f6rd\u00fc. ICSG Istanbul 2019&#8217;da d\u00fczenlenen Ak\u0131ll\u0131 Da\u011f\u0131t\u0131m, \u00dcretim ve Talep Taraf\u0131 Kat\u0131l\u0131m\u0131 Paneli sekt\u00f6r ilgilileri taraf\u0131ndan dikkatle takip edildi.<\/h2>\n<div class=\"leading-image\"><img decoding=\"async\" class=\"extendsBeyondTextColumn\" src=\"https:\/\/insaatnoktasi.com\/images\/52c82de4810d4ae88406f5508599b851.JPG\" alt=\"Yenilenebilir enerji sekt\u00f6r\u00fcn geli\u015fimine y\u00f6n veriyor\" \/><\/div>\n<p data-reader-unique-id=\"1\">Ak\u0131ll\u0131 Da\u011f\u0131t\u0131m, \u00dcretim ve Talep Taraf\u0131 Kat\u0131l\u0131m\u0131 Paneli; Enerjisa Da\u011f\u0131t\u0131m \u015eirketleri Reg\u00fclasyon, <strong data-reader-unique-id=\"2\">Ar- Ge ve Yeni Servisler Grup M\u00fcd\u00fcr\u00fc Alp Kaymaz<\/strong>, <strong data-reader-unique-id=\"3\">Arap \u00dclkeleri Yenilenebilir Enerji Komisyonu (AREC) Genel Sekreteri Mohammed AL-TA\u2019ANI <\/strong>ve <strong data-reader-unique-id=\"4\">VHS Genel M\u00fcd\u00fcr\u00fc Salih T\u00dcRED\u0130<\/strong>&#8216;nin konu\u015fmalar\u0131yla sekt\u00f6re y\u00f6n verdi. Hali\u00e7 Kongre Merkezi&#8217;nde d\u00fczenlenen panelin moderat\u00f6rl\u00fc\u011f\u00fcn\u00fc <strong data-reader-unique-id=\"5\">Enerji Piyasalar\u0131 \u0130\u015fletme Anonim \u015eirketi (EP\u0130A\u015e) Genel M\u00fcd\u00fcr\u00fc Ahmet T\u00dcRKO\u011eLU<\/strong><br data-reader-unique-id=\"6\" \/>\u00fcstlendi.<\/p>\n<p data-reader-unique-id=\"7\"><strong data-reader-unique-id=\"8\">Arap \u00fclkeleri yenilenebilir enerjiye y\u00f6neldi<\/strong><\/p>\n<p data-reader-unique-id=\"9\">Arap \u00fclkelerindeki enerji sekt\u00f6r\u00fc hakk\u0131nda bilgi veren AREC Genel Sekreteri Mohammed Al-Ta&#8217;ani &#8220;T\u00fcm dnya enerjinin y\u00fcksek oranda t\u00fcketilmesinden dolay\u0131 zarar g\u00f6r\u00fcyor. Geli\u015fen d\u00fcnya trendlerine bakt\u0131\u011f\u0131m\u0131zda yenilenebilir enerji gibi \u00e7\u00f6z\u00fcmler \u00fcretilmi\u015f durumda. T\u00fcm arap \u00fclkeleri de bu yenilenebilir enerji trendinden etkilendi ve enerjiye do\u011fru y\u00f6neldi. Bu yenilenebilir enerji yat\u0131r\u0131mlar\u0131 devlet taraf\u0131ndan da destek g\u00f6r\u00fcyor.&#8221; dedi.<\/p>\n<p data-reader-unique-id=\"10\"><strong data-reader-unique-id=\"11\">&#8220;T\u00fcketilen enerjinin 3&#8217;te 1&#8217;ini sanayi sekt\u00f6r\u00fc t\u00fcketiyor&#8221;<\/strong><\/p>\n<p data-reader-unique-id=\"12\">VHS Genel M\u00fcd\u00fcr\u00fc Salih T\u00fcredi, &#8220;Enerjinin \u00fcretim ve t\u00fcketim \u015fekli ve bununla ba\u011flant\u0131l\u0131 olarak da\u011f\u0131t\u0131m ve kullan\u0131m \u015fekli d\u00fcnyadaki teknolojik de\u011fi\u015fmelerle birlikte de\u011fi\u015fiyor. Bu de\u011fi\u015fmeler beraberinde baz\u0131 zorluklar\u0131 da meydana getiriyor. Bunlara \u00f6rnek olarak enerjinin \u00fcretim ve t\u00fcketimini dengede tutabilmek. Bunu sadece \u00fcretim taraf\u0131ndan kontrol edilemiyor. Bunun i\u00e7in de talep taraf\u0131n\u0131 \u00f6n plana \u00e7\u0131kar\u0131yoruz. T\u00fcketti\u011fimiz enerjinin 3&#8217;te 1&#8217;ini sanayi sekt\u00f6r\u00fc t\u00fcketiyor. Sanayici i\u00e7in enerji en temel maliyetlerden birisi. Son kaynak tarifesiyle birlikte art\u0131k sanayicilere bir imkan sunulmu\u015f oldu. Fiyat bazlar\u0131 saatlik olarak de\u011fi\u015febiliyor.&#8221;diyerek enerji sekt\u00f6r\u00fcndeki de\u011fi\u015fimlerden s\u00f6z etti.<\/p>\n<p data-reader-unique-id=\"13\">Enerjisa Da\u011f\u0131t\u0131m \u015eirketleri Reg\u00fclasyon, Ar- Ge ve Yeni Servisler Grup M\u00fcd\u00fcr\u00fc Alp Kaymaz, &#8220;Enerjide talep taraf\u0131 en \u00e7ok \u00e7imento sekt\u00f6r\u00fcnde g\u00f6r\u00fcl\u00fcyor. \u00c7imento \u015firketleri ayn\u0131 anda birden \u00e7ok elektrik t\u00fcketimini k\u0131sarak talep taraf\u0131 kat\u0131l\u0131m\u0131na b\u00fcy\u00fck katk\u0131 sa\u011fl\u0131yor.\u0130kinci olarak yo\u011fun talep g\u00f6ren sekt\u00f6r elektrikli ara\u00e7lar. 100KW kapasitesi olan ayn\u0131 anda 1000 adet arac\u0131 sisteme ba\u011flad\u0131\u011f\u0131n\u0131z zaman gerekli zamanlarda bu sistemi a\u00e7\u0131p kapatabilen, gerekti\u011finde sistemden enerjiyi \u00e7eken bir yap\u0131 kurulabiliyor.&#8221; a\u00e7\u0131klamas\u0131nda bulundu.<\/p>","protected":false},"excerpt":{"rendered":"<p>Yenilenebilir enerji sekt\u00f6r\u00fcn geli\u015fimine y\u00f6n veriyor \u0130nsaatnoktasi.com&#8217;un medya partneri oldu\u011fu 7. Uluslararas\u0131 \u0130stanbul Ak\u0131ll\u0131 \u015eebekeler ve \u015eehirler Kongre ve Fuar\u0131 ziyaret\u00e7iler taraf\u0131ndan yo\u011fun ilgi g\u00f6rd\u00fc. ICSG Istanbul 2019&#8217;da d\u00fczenlenen Ak\u0131ll\u0131 Da\u011f\u0131t\u0131m, \u00dcretim ve Talep Taraf\u0131 Kat\u0131l\u0131m\u0131 Paneli sekt\u00f6r ilgilileri taraf\u0131ndan dikkatle takip edildi. Ak\u0131ll\u0131 Da\u011f\u0131t\u0131m, \u00dcretim ve Talep Taraf\u0131 Kat\u0131l\u0131m\u0131 Paneli; Enerjisa Da\u011f\u0131t\u0131m \u015eirketleri Reg\u00fclasyon, [&hellip;]<\/p>","protected":false},"author":2,"featured_media":6365,"comment_status":"open","ping_status":"open","sticky":false,"template":"","format":"standard","meta":{"footnotes":""},"categories":[1],"tags":[],"class_list":["post-6364","post","type-post","status-publish","format-standard","has-post-thumbnail","hentry","category-news"],"aioseo_notices":[],"_links":{"self":[{"href":"https:\/\/arec.org.jo\/en\/wp-json\/wp\/v2\/posts\/6364","targetHints":{"allow":["GET"]}}],"collection":[{"href":"https:\/\/arec.org.jo\/en\/wp-json\/wp\/v2\/posts"}],"about":[{"href":"https:\/\/arec.org.jo\/en\/wp-json\/wp\/v2\/types\/post"}],"author":[{"embeddable":true,"href":"https:\/\/arec.org.jo\/en\/wp-json\/wp\/v2\/users\/2"}],"replies":[{"embeddable":true,"href":"https:\/\/arec.org.jo\/en\/wp-json\/wp\/v2\/comments?post=6364"}],"version-history":[{"count":2,"href":"https:\/\/arec.org.jo\/en\/wp-json\/wp\/v2\/posts\/6364\/revisions"}],"predecessor-version":[{"id":6367,"href":"https:\/\/arec.org.jo\/en\/wp-json\/wp\/v2\/posts\/6364\/revisions\/6367"}],"wp:featuredmedia":[{"embeddable":true,"href":"https:\/\/arec.org.jo\/en\/wp-json\/wp\/v2\/media\/6365"}],"wp:attachment":[{"href":"https:\/\/arec.org.jo\/en\/wp-json\/wp\/v2\/media?parent=6364"}],"wp:term":[{"taxonomy":"category","embeddable":true,"href":"https:\/\/arec.org.jo\/en\/wp-json\/wp\/v2\/categories?post=6364"},{"taxonomy":"post_tag","embeddable":true,"href":"https:\/\/arec.org.jo\/en\/wp-json\/wp\/v2\/tags?post=6364"}],"curies":[{"name":"wp","href":"https:\/\/api.w.org\/{rel}","templated":true}]}}