{"id":6376,"date":"2022-03-29T19:57:54","date_gmt":"2022-03-29T19:57:54","guid":{"rendered":"https:\/\/arec.org.jo\/?p=6376"},"modified":"2022-03-29T19:57:54","modified_gmt":"2022-03-29T19:57:54","slug":"jordania-i-polska-rozmawiaja-o-wspolpracy-w-dziedzinie-energii-odnawialnej-kultura-i-spoleczenstwo","status":"publish","type":"post","link":"https:\/\/arec.org.jo\/en\/2022\/03\/29\/jordania-i-polska-rozmawiaja-o-wspolpracy-w-dziedzinie-energii-odnawialnej-kultura-i-spoleczenstwo\/","title":{"rendered":"Jordania i Polska rozmawiaj\u0105 o wsp\u00f3\u0142pracy w dziedzinie energii odnawialnej | kultura i spo\u0142ecze\u0144stwo"},"content":{"rendered":"<p>Wiadomo\u015bci Ammona \u2013 Arabski Komitet ds. Energii Odnawialnej (AREC) i polska delegacja dyskutowa\u0142y o wsp\u00f3\u0142pracy w dziedzinie energii odnawialnej, inteligentnych miast, technologii inteligentnych sieci i samochod\u00f3w elektrycznych.<\/p>\n<p>W o\u015bwiadczeniu komisji podano w czwartek, \u017ce spotkanie sekretarza generalnego AREC Muhammada Al-Taaniego z polskim wiceministrem spraw zagranicznych Paw\u0142em Jab\u0142o\u0144skim dotyczy\u0142o sposob\u00f3w opracowania mapy drogowej zapewniaj\u0105cej osi\u0105gni\u0119cia praktyczne i naukowe. W szczeg\u00f3lno\u015bci nawi\u0105zanie wsp\u00f3lnej wsp\u00f3\u0142pracy pomi\u0119dzy firmami energii odnawialnej w Polsce i Jordanii.<\/p>\n<p>Al-Taani podkre\u015bli\u0142 globalne zainteresowanie zacie\u015bnieniem wsp\u00f3\u0142pracy z Kr\u00f3lestwem, kt\u00f3re ze wzgl\u0119du na swoje kompetencje techniczne i wyszkolon\u0105 infrastruktur\u0119 uwa\u017cane jest za bram\u0119 inwestycyjn\u0105 do wielu kraj\u00f3w arabskich, wskazuj\u0105c, \u017ce po\u0142o\u017cenie geograficzne Jordanii jest podstaw\u0105 po\u0142\u0105cze\u0144 elektrycznych, zw\u0142aszcza energii odnawialnej oraz transfer \u017ar\u00f3de\u0142 energii pomi\u0119dzy r\u00f3\u017cnymi krajami Bliskiego Wschodu.<\/p>\n<p>Obie strony zgodzi\u0142y si\u0119 r\u00f3wnie\u017c na zorganizowanie w Polsce w kwietniu przysz\u0142ego roku konferencji na temat energii odnawialnej, w kt\u00f3rej udzia\u0142 wezm\u0105 przedstawiciele kilku kraj\u00f3w arabskich. Zgodzili si\u0119 r\u00f3wnie\u017c na uruchomienie wsp\u00f3lnych projekt\u00f3w dotycz\u0105cych wykorzystania energii s\u0142onecznej w ogrzewaniu, ch\u0142odzeniu i magazynowaniu energii w Kr\u00f3lestwie, zgodnie z o\u015bwiadczeniem.<\/p>\n<p>Szef polskiej delegacji podkre\u015bli\u0142 znaczenie wsp\u00f3\u0142pracy z Jordani\u0105 w r\u00f3\u017cnych dziedzinach, chwal\u0105c kluczow\u0105 rol\u0119 Jordanii w regionie w zakresie zr\u00f3wnowa\u017conego rozwoju i zielonej gospodarki oraz ochrony \u015brodowiska i ograniczania zmian klimatycznych.<\/p>\n<p>AREC jest komitetem reprezentuj\u0105cym wszystkie zainteresowane strony zwi\u0105zane z energi\u0105 odnawialn\u0105 w \u015bwiecie arabskim. Dzia\u0142a pod nadzorem Rady Arabskiej Jedno\u015bci Gospodarczej Ligi Pa\u0144stw Arabskich jako organizacja non-profit za\u0142o\u017cona w 2011 roku w Ammanie i uznana dekretem kr\u00f3lewskim.<\/p>\n<p>https:\/\/przeclaw-news.pl\/jordania-i-polska-rozmawiaja-o-wspolpracy-w-dziedzinie-energii-odnawialnej-kultura-i-spoleczenstwo\/<\/p>","protected":false},"excerpt":{"rendered":"<p>Wiadomo\u015bci Ammona \u2013 Arabski Komitet ds. Energii Odnawialnej (AREC) i polska delegacja dyskutowa\u0142y o wsp\u00f3\u0142pracy w dziedzinie energii odnawialnej, inteligentnych miast, technologii inteligentnych sieci i samochod\u00f3w elektrycznych. W o\u015bwiadczeniu komisji podano w czwartek, \u017ce spotkanie sekretarza generalnego AREC Muhammada Al-Taaniego z polskim wiceministrem spraw zagranicznych Paw\u0142em Jab\u0142o\u0144skim dotyczy\u0142o sposob\u00f3w opracowania mapy drogowej zapewniaj\u0105cej osi\u0105gni\u0119cia praktyczne [&hellip;]<\/p>","protected":false},"author":2,"featured_media":5779,"comment_status":"open","ping_status":"open","sticky":false,"template":"","format":"standard","meta":{"footnotes":""},"categories":[1],"tags":[],"class_list":["post-6376","post","type-post","status-publish","format-standard","has-post-thumbnail","hentry","category-news"],"aioseo_notices":[],"_links":{"self":[{"href":"https:\/\/arec.org.jo\/en\/wp-json\/wp\/v2\/posts\/6376","targetHints":{"allow":["GET"]}}],"collection":[{"href":"https:\/\/arec.org.jo\/en\/wp-json\/wp\/v2\/posts"}],"about":[{"href":"https:\/\/arec.org.jo\/en\/wp-json\/wp\/v2\/types\/post"}],"author":[{"embeddable":true,"href":"https:\/\/arec.org.jo\/en\/wp-json\/wp\/v2\/users\/2"}],"replies":[{"embeddable":true,"href":"https:\/\/arec.org.jo\/en\/wp-json\/wp\/v2\/comments?post=6376"}],"version-history":[{"count":1,"href":"https:\/\/arec.org.jo\/en\/wp-json\/wp\/v2\/posts\/6376\/revisions"}],"predecessor-version":[{"id":6377,"href":"https:\/\/arec.org.jo\/en\/wp-json\/wp\/v2\/posts\/6376\/revisions\/6377"}],"wp:featuredmedia":[{"embeddable":true,"href":"https:\/\/arec.org.jo\/en\/wp-json\/wp\/v2\/media\/5779"}],"wp:attachment":[{"href":"https:\/\/arec.org.jo\/en\/wp-json\/wp\/v2\/media?parent=6376"}],"wp:term":[{"taxonomy":"category","embeddable":true,"href":"https:\/\/arec.org.jo\/en\/wp-json\/wp\/v2\/categories?post=6376"},{"taxonomy":"post_tag","embeddable":true,"href":"https:\/\/arec.org.jo\/en\/wp-json\/wp\/v2\/tags?post=6376"}],"curies":[{"name":"wp","href":"https:\/\/api.w.org\/{rel}","templated":true}]}}